{"id":591,"date":"2022-11-04T16:42:39","date_gmt":"2022-11-04T15:42:39","guid":{"rendered":"https:\/\/pakman.ovh\/?p=591"},"modified":"2022-11-06T08:02:34","modified_gmt":"2022-11-06T07:02:34","slug":"pakman-dans-la-presse-bx1-4-11-2022","status":"publish","type":"post","link":"https:\/\/pakman.ovh\/index.php\/2022\/11\/04\/pakman-dans-la-presse-bx1-4-11-2022\/","title":{"rendered":"Pakman dans la presse &#8211; BX1 4\/11\/2022"},"content":{"rendered":"\n<h3 class=\"wp-block-heading\">De multiples activit\u00e9s occuperont la place Schuman \u00e0 Bruxelles du 6 au 20 novembre, le temps de la COP27 et jusqu\u2019au d\u00e9but de la Coupe du monde de football, \u00e0 l\u2019initiative du collectif Pakman qui a pr\u00e9sent\u00e9 son programme, qui s\u2019\u00e9toffera encore, vendredi.<\/h3>\n\n\n\n<p>Le lieu de rendez-vous, un chapiteau de 150 m\u00e8tres carr\u00e9s, accueillera notamment des assembl\u00e9es citoyennes et des \u201cnuits climatiques\u201d, sur l\u2019id\u00e9e de \u201cNuit Debout\u201d, lors desquelles des scientifiques des principales universit\u00e9s francophones du pays initieront des d\u00e9bats sur diff\u00e9rents th\u00e8mes comme la d\u00e9mocratie, l\u2019\u00e9nergie ou encore l\u2019agriculture. Une Pierre de Rosette, \u00e0 taille r\u00e9elle, sera inaugur\u00e9e dimanche et tr\u00f4nera sur la place jusqu\u2019\u00e0 la fin du rassemblement avant de se chercher un lieu d\u2019accueil d\u00e9finitif.<\/p>\n\n\n\n<figure class=\"wp-block-embed is-type-wp-embed is-provider-bx-1 wp-block-embed-bx-1\"><div class=\"wp-block-embed__wrapper\">\n<blockquote class=\"wp-embedded-content\" data-secret=\"tpM1R8q0Be\"><a href=\"https:\/\/bx1.be\/categories\/news\/cop27-le-rond-point-schuman-sera-occupe-des-dimanche-par-des-actions-climat\/\">COP27 : le rond-point Schuman sera occup\u00e9, d\u00e8s dimanche, par des actions climat<\/a><\/blockquote><iframe loading=\"lazy\" class=\"wp-embedded-content\" sandbox=\"allow-scripts\" security=\"restricted\" style=\"position: absolute; clip: rect(1px, 1px, 1px, 1px);\" title=\"\u00ab\u00a0COP27 : le rond-point Schuman sera occup\u00e9, d\u00e8s dimanche, par des actions climat\u00a0\u00bb &#8212; BX1\" src=\"https:\/\/bx1.be\/categories\/news\/cop27-le-rond-point-schuman-sera-occupe-des-dimanche-par-des-actions-climat\/embed\/#?secret=HMclDkOfLC#?secret=tpM1R8q0Be\" data-secret=\"tpM1R8q0Be\" width=\"580\" height=\"327\" frameborder=\"0\" marginwidth=\"0\" marginheight=\"0\" scrolling=\"no\"><\/iframe>\n<\/div><\/figure>\n","protected":false},"excerpt":{"rendered":"<p>De multiples activit\u00e9s occuperont la place Schuman \u00e0 Bruxelles du 6 au 20 novembre, le temps de la COP27 et jusqu\u2019au d\u00e9but de la Coupe du monde de football, \u00e0 l\u2019initiative du collectif Pakman qui a pr\u00e9sent\u00e9 son programme, qui s\u2019\u00e9toffera encore, vendredi. Le lieu de rendez-vous, un chapiteau de 150 m\u00e8tres carr\u00e9s, accueillera notamment [&hellip;]<\/p>\n","protected":false},"author":1,"featured_media":0,"comment_status":"closed","ping_status":"","sticky":false,"template":"","format":"standard","meta":{"footnotes":""},"categories":[10],"tags":[],"class_list":["post-591","post","type-post","status-publish","format-standard","hentry","category-presse"],"_links":{"self":[{"href":"https:\/\/pakman.ovh\/index.php\/wp-json\/wp\/v2\/posts\/591","targetHints":{"allow":["GET"]}}],"collection":[{"href":"https:\/\/pakman.ovh\/index.php\/wp-json\/wp\/v2\/posts"}],"about":[{"href":"https:\/\/pakman.ovh\/index.php\/wp-json\/wp\/v2\/types\/post"}],"author":[{"embeddable":true,"href":"https:\/\/pakman.ovh\/index.php\/wp-json\/wp\/v2\/users\/1"}],"replies":[{"embeddable":true,"href":"https:\/\/pakman.ovh\/index.php\/wp-json\/wp\/v2\/comments?post=591"}],"version-history":[{"count":1,"href":"https:\/\/pakman.ovh\/index.php\/wp-json\/wp\/v2\/posts\/591\/revisions"}],"predecessor-version":[{"id":592,"href":"https:\/\/pakman.ovh\/index.php\/wp-json\/wp\/v2\/posts\/591\/revisions\/592"}],"wp:attachment":[{"href":"https:\/\/pakman.ovh\/index.php\/wp-json\/wp\/v2\/media?parent=591"}],"wp:term":[{"taxonomy":"category","embeddable":true,"href":"https:\/\/pakman.ovh\/index.php\/wp-json\/wp\/v2\/categories?post=591"},{"taxonomy":"post_tag","embeddable":true,"href":"https:\/\/pakman.ovh\/index.php\/wp-json\/wp\/v2\/tags?post=591"}],"curies":[{"name":"wp","href":"https:\/\/api.w.org\/{rel}","templated":true}]}}