{"id":834,"date":"2022-11-13T22:36:20","date_gmt":"2022-11-13T21:36:20","guid":{"rendered":"https:\/\/pakman.ovh\/?p=834"},"modified":"2022-11-13T22:36:20","modified_gmt":"2022-11-13T21:36:20","slug":"bx1-station-europe-leurope-et-bruxelles-face-au-defi-climatique","status":"publish","type":"post","link":"https:\/\/pakman.ovh\/index.php\/2022\/11\/13\/bx1-station-europe-leurope-et-bruxelles-face-au-defi-climatique\/","title":{"rendered":"BX1 Station Europe : l\u2019Europe et Bruxelles face au d\u00e9fi climatique"},"content":{"rendered":"\n<p><strong>Tout le monde est-il convaincu que la plan\u00e8te br\u00fble&nbsp;? Que fait l\u2019Europe et une ville comme Bruxelles pour relever le d\u00e9fi climatique&nbsp;? Pas assez selon beaucoup de jeunes activistes qui ont d\u00e9cid\u00e9 de radicaliser leurs actions.<\/strong><\/p>\n\n\n\n<p>On en parle avec Nicolas Van Nuffel, Pr\u00e9sident de la Coalition climat, Chlo\u00e9 Mickolajack, jeune activiste climatique bruxelloise, et Ben\u00f4it Biteau, d\u00e9put\u00e9 europ\u00e9en fran\u00e7ais et agriculteur.<\/p>\n\n\n\n<p><strong>Une \u00e9mission pr\u00e9sent\u00e9e par Paul Germain depuis le Parlement europ\u00e9en \u00e0 Bruxelles<\/strong> \u00e0 revoir en int\u00e9gralit\u00e9 sur le site de BX1 : <a href=\"https:\/\/bx1.be\/categories\/news\/leurope-et-bruxelles-face-au-defi-climatique\/\" target=\"_blank\" rel=\"noreferrer noopener\">https:\/\/bx1.be\/categories\/news\/leurope-et-bruxelles-face-au-defi-climatique\/<\/a><\/p>\n\n\n\n<p>dont un extrait o\u00f9 l&rsquo;on parle de Pakman :<\/p>\n\n\n\n<figure class=\"wp-block-video\"><video height=\"720\" style=\"aspect-ratio: 1280 \/ 720;\" width=\"1280\" controls src=\"https:\/\/pakman.ovh\/wp-content\/uploads\/2022\/11\/BX1-Extrait-Pakman-2022-11-13-22-06-30-790.mp4\"><\/video><\/figure>\n","protected":false},"excerpt":{"rendered":"<p>Tout le monde est-il convaincu que la plan\u00e8te br\u00fble&nbsp;? Que fait l\u2019Europe et une ville comme Bruxelles pour relever le d\u00e9fi climatique&nbsp;? Pas assez selon beaucoup de jeunes activistes qui ont d\u00e9cid\u00e9 de radicaliser leurs actions. On en parle avec Nicolas Van Nuffel, Pr\u00e9sident de la Coalition climat, Chlo\u00e9 Mickolajack, jeune activiste climatique bruxelloise, et [&hellip;]<\/p>\n","protected":false},"author":1,"featured_media":0,"comment_status":"closed","ping_status":"","sticky":false,"template":"","format":"standard","meta":{"footnotes":""},"categories":[2],"tags":[],"class_list":["post-834","post","type-post","status-publish","format-standard","hentry","category-annonces"],"_links":{"self":[{"href":"https:\/\/pakman.ovh\/index.php\/wp-json\/wp\/v2\/posts\/834","targetHints":{"allow":["GET"]}}],"collection":[{"href":"https:\/\/pakman.ovh\/index.php\/wp-json\/wp\/v2\/posts"}],"about":[{"href":"https:\/\/pakman.ovh\/index.php\/wp-json\/wp\/v2\/types\/post"}],"author":[{"embeddable":true,"href":"https:\/\/pakman.ovh\/index.php\/wp-json\/wp\/v2\/users\/1"}],"replies":[{"embeddable":true,"href":"https:\/\/pakman.ovh\/index.php\/wp-json\/wp\/v2\/comments?post=834"}],"version-history":[{"count":1,"href":"https:\/\/pakman.ovh\/index.php\/wp-json\/wp\/v2\/posts\/834\/revisions"}],"predecessor-version":[{"id":836,"href":"https:\/\/pakman.ovh\/index.php\/wp-json\/wp\/v2\/posts\/834\/revisions\/836"}],"wp:attachment":[{"href":"https:\/\/pakman.ovh\/index.php\/wp-json\/wp\/v2\/media?parent=834"}],"wp:term":[{"taxonomy":"category","embeddable":true,"href":"https:\/\/pakman.ovh\/index.php\/wp-json\/wp\/v2\/categories?post=834"},{"taxonomy":"post_tag","embeddable":true,"href":"https:\/\/pakman.ovh\/index.php\/wp-json\/wp\/v2\/tags?post=834"}],"curies":[{"name":"wp","href":"https:\/\/api.w.org\/{rel}","templated":true}]}}