{"id":894,"date":"2022-11-20T23:44:38","date_gmt":"2022-11-20T22:44:38","guid":{"rendered":"https:\/\/pakman.ovh\/?p=894"},"modified":"2022-12-11T12:58:57","modified_gmt":"2022-12-11T11:58:57","slug":"pakman-dans-la-presse-belga-20-11-2022","status":"publish","type":"post","link":"https:\/\/pakman.ovh\/index.php\/2022\/11\/20\/pakman-dans-la-presse-belga-20-11-2022\/","title":{"rendered":"Pakman dans la presse &#8211; Belga 20\/11\/2022"},"content":{"rendered":"\n<p>[&#8230;]<\/p>\n\n\n\n<h2 class=\"wp-block-heading\">\u00ab\u00a0Nuits du climat\u00a0\u00bb<\/h2>\n\n\n\n<p>Dans la soir\u00e9e aura lieu, toujours \u00e0 Schuman, la derni\u00e8re des<em> \u00ab\u00a0nuits du climat\u00a0\u00bb<\/em>, organis\u00e9e par le collectif Pakman,<a href=\"https:\/\/www.rtbf.be\/article\/cop27-l-ue-decue-par-l-accord-sur-les-emissions-un-pas-en-avant-trop-court-11107800\" target=\"_blank\" rel=\"noreferrer noopener\"> \u00e0 l\u2019occasion de la COP27<\/a>. Pendant neuf soir\u00e9es, des scientifiques des grandes universit\u00e9s francophones du pays (ULB, UCLouvain, ULi\u00e8ge, UMons et Universit\u00e9 Saint-Louis), ainsi que des repr\u00e9sentants de la soci\u00e9t\u00e9 civile et des citoyens, ont d\u00e9battu des grands enjeux li\u00e9s au changement climatique.<\/p>\n\n\n\n<p>RTBF: <a href=\"https:\/\/www.rtbf.be\/article\/qatar-2022-a-bruxelles-les-ecologistes-de-rise-for-climate-qualifient-la-coupe-du-monde-d-aberration-totale-11108133\" target=\"_blank\" rel=\"noreferrer noopener\">https:\/\/www.rtbf.be\/article\/qatar-2022-a-bruxelles-les-ecologistes-de-rise-for-climate-qualifient-la-coupe-du-monde-d-aberration-totale-11108133<\/a> <\/p>\n\n\n\n<p>La Libre : <a href=\"https:\/\/www.lalibre.be\/dernieres-depeches\/2022\/11\/20\/mondial-2022-rise-for-climate-qualifie-la-coupe-du-monde-au-qatar-daberration-N2WBVPR63FFXPIDILOHC25CP4E\/\" target=\"_blank\" rel=\"noreferrer noopener\">https:\/\/www.lalibre.be\/dernieres-depeches\/2022\/11\/20\/mondial-2022-rise-for-climate-qualifie-la-coupe-du-monde-au-qatar-daberration-N2WBVPR63FFXPIDILOHC25CP4E\/<\/a><\/p>\n","protected":false},"excerpt":{"rendered":"<p>[&#8230;] \u00ab\u00a0Nuits du climat\u00a0\u00bb Dans la soir\u00e9e aura lieu, toujours \u00e0 Schuman, la derni\u00e8re des \u00ab\u00a0nuits du climat\u00a0\u00bb, organis\u00e9e par le collectif Pakman, \u00e0 l\u2019occasion de la COP27. Pendant neuf soir\u00e9es, des scientifiques des grandes universit\u00e9s francophones du pays (ULB, UCLouvain, ULi\u00e8ge, UMons et Universit\u00e9 Saint-Louis), ainsi que des repr\u00e9sentants de la soci\u00e9t\u00e9 civile et [&hellip;]<\/p>\n","protected":false},"author":1,"featured_media":0,"comment_status":"closed","ping_status":"","sticky":false,"template":"","format":"standard","meta":{"footnotes":""},"categories":[2],"tags":[],"class_list":["post-894","post","type-post","status-publish","format-standard","hentry","category-annonces"],"_links":{"self":[{"href":"https:\/\/pakman.ovh\/index.php\/wp-json\/wp\/v2\/posts\/894","targetHints":{"allow":["GET"]}}],"collection":[{"href":"https:\/\/pakman.ovh\/index.php\/wp-json\/wp\/v2\/posts"}],"about":[{"href":"https:\/\/pakman.ovh\/index.php\/wp-json\/wp\/v2\/types\/post"}],"author":[{"embeddable":true,"href":"https:\/\/pakman.ovh\/index.php\/wp-json\/wp\/v2\/users\/1"}],"replies":[{"embeddable":true,"href":"https:\/\/pakman.ovh\/index.php\/wp-json\/wp\/v2\/comments?post=894"}],"version-history":[{"count":3,"href":"https:\/\/pakman.ovh\/index.php\/wp-json\/wp\/v2\/posts\/894\/revisions"}],"predecessor-version":[{"id":908,"href":"https:\/\/pakman.ovh\/index.php\/wp-json\/wp\/v2\/posts\/894\/revisions\/908"}],"wp:attachment":[{"href":"https:\/\/pakman.ovh\/index.php\/wp-json\/wp\/v2\/media?parent=894"}],"wp:term":[{"taxonomy":"category","embeddable":true,"href":"https:\/\/pakman.ovh\/index.php\/wp-json\/wp\/v2\/categories?post=894"},{"taxonomy":"post_tag","embeddable":true,"href":"https:\/\/pakman.ovh\/index.php\/wp-json\/wp\/v2\/tags?post=894"}],"curies":[{"name":"wp","href":"https:\/\/api.w.org\/{rel}","templated":true}]}}