{"id":138,"date":"2022-07-13T21:10:04","date_gmt":"2022-07-13T19:10:04","guid":{"rendered":"https:\/\/seempleetoo.be\/bottomup\/?p=138"},"modified":"2022-11-06T06:35:29","modified_gmt":"2022-11-06T05:35:29","slug":"cb-mais-ou-est-donc-le-6eme-rapport","status":"publish","type":"post","link":"https:\/\/pakman.ovh\/index.php\/2022\/07\/13\/cb-mais-ou-est-donc-le-6eme-rapport\/","title":{"rendered":"Mais o\u00f9 est donc pass\u00e9 le sixi\u00e8me rapport du GIEC\u00a0?"},"content":{"rendered":"\n<p>Parution dans <a href=\"https:\/\/www.lalibre.be\/debats\/opinions\/2022\/08\/02\/mais-ou-est-donc-passe-le-sixieme-rapport-du-giec-532ZQ4RUS5DXNBMN63QZQPG2GQ\/\" target=\"_blank\" rel=\"noreferrer noopener\">La Libre Belgique le 02\/08\/2022<\/a><\/p>\n\n\n\n<blockquote class=\"wp-block-quote is-layout-flow wp-block-quote-is-layout-flow\">\n<p>D\u00e9ni et irresponsabilit\u00e9 climatique<\/p>\n<cite><a href=\"https:\/\/pakman.ovh\/index.php\/climat-carte-blanche-juillet-2022-signataires\/\" data-type=\"page\" data-id=\"165\" target=\"_blank\" rel=\"noreferrer noopener\">retrouvez la liste des signataires en cliquant ici<\/a> et le lien vers <a rel=\"noreferrer noopener\" href=\"https:\/\/www.facebook.com\/profile.php?id=100085141586310\" target=\"_blank\">la page Facebook du collectif Pakman cr\u00e9\u00e9 suite \u00e0 la carte blanche<\/a><\/cite><\/blockquote>\n\n\n\n<p>FR \/ <a href=\"https:\/\/nl.pakman.ovh\/index.php\/het-6e-ipcc-rapport-wablief\/\">NL &#8211; versie in het Nederlands<\/a> \/ <a href=\"https:\/\/en.pakman.ovh\/index.php\/het-6e-ipcc-rapport-wablief\/\">EN &#8211; translation in English<\/a><\/p>\n\n\n\n<p class=\"has-gray-color has-white-background-color has-text-color has-background has-large-font-size\"><strong>Pour soutenir et signer la carte blanche m\u00eame apr\u00e8s publication,  suivez ce lien : <\/strong><br><strong><a rel=\"noreferrer noopener\" href=\"https:\/\/tinyurl.com\/jesigneici\" target=\"_blank\">https:\/\/tinyurl.com\/jesigneici<\/a><\/strong><\/p>\n\n\n\n<p><em>\u00ab&nbsp;Tu ne vas pas nous saouler avec ton catastrophisme sur le climat&nbsp;\u00bb, \u00ab&nbsp;on pourrait faire tous les efforts en Belgique que \u00e7a ne changerait rien \u00e0 cause de la Chine et des \u00c9tats-Unis&nbsp;\u00bb, \u00ab&nbsp;et les minerais dans la batterie de ton v\u00e9lo \u00e9lectrique, tu as vu dans quelles conditions ils sont extraits ?&nbsp;\u00bb, \u00ab&nbsp;les \u00e9oliennes font pire que mieux, en plus c\u2019est intermittent&nbsp;\u00bb, \u00ab&nbsp;les voitures de soci\u00e9t\u00e9s sont les plus propres&nbsp;\u00bb, \u2026<\/em><\/p>\n\n\n\n<figure class=\"wp-block-image size-large\"><img decoding=\"async\" src=\"https:\/\/seempleetoo.be\/bottomup\/wp-content\/uploads\/2022\/07\/received_762311431761024-1024x1024.jpeg\" alt=\"\" class=\"wp-image-183\"\/><\/figure>\n\n\n\n<p><em>\u00ab&nbsp;Et ma libert\u00e9 ?&nbsp;\u00bb. De se d\u00e9placer quotidiennement seul en voiture m\u00eame pour des petits trajets, de manger de la viande, de partir en avion m\u00eame pour un city trip de 2 jours, de privil\u00e9gier la grande distribution aux petits producteurs, de rouler \u00e0 120km\/h sur l\u2019autoroute, de faire fonctionner l\u2019air conditionn\u00e9, \u2026 \u00ab&nbsp;Faut arr\u00eater avec la culpabilisation&nbsp;\u00bb, \u00ab&nbsp;si tu veux te priver de tout ce qui fait plaisir, c\u2019est ton probl\u00e8me\u2026 mais ne t\u2019occupe pas de mon confort&nbsp;\u00bb,\u2026<\/em><\/p>\n\n\n\n<p>Notre soci\u00e9t\u00e9 s\u2019enfonce collectivement dans l\u2019angle mort des cons\u00e9quences de nos modes de vie. Pourtant, qui peut consciemment accepter l\u2019insuffisance de l\u2019action face au d\u00e9r\u00e8glement climatique ?S\u00e9cheresses, incendies, migrations, inondations, p\u00e9nuries alimentaires, ainsi que les nombreuses cons\u00e9quences \u00e0 la destruction de la biodiversit\u00e9. Nous devrions soit abandonner une partie de notre confort occidental, soit accepter que la plan\u00e8te devienne inhabitable pour des milliards d\u2019\u00eatres humains.&nbsp; Face \u00e0 ce choix impossible, la solution pour laquelle nous optons collectivement est le d\u00e9ni : en continuant de vivre en faisant abstraction de la r\u00e9alit\u00e9, nous faisons le choix collectif d\u2019accepter de graves atteintes \u00e0 l\u2019humanit\u00e9 qui ne feront que s\u2019amplifier dans les prochaines ann\u00e9es. M\u00eame \u00e9conomiquement, c\u2019est un pari perdant pour nos soci\u00e9t\u00e9s\u2026 Ce d\u00e9ni climatique est une donn\u00e9e fondamentale du probl\u00e8me qui est malheureusement exploit\u00e9e par la sph\u00e8re politique \u00e0 des fins \u00e9lectoralistes.<\/p>\n\n\n\n<p>Ce contexte qui peut \u00eatre qualifi\u00e9 de plus grand d\u00e9fi pour l\u2019humanit\u00e9 est d\u00e9crit dans tous ses d\u00e9tails dans les rapports du GIEC publi\u00e9s depuis 1990, alors que cela fait plus de 50 ans depuis que les premiers scientifiques alertent \u00e0 ce sujet. Le 4 avril 2022, le groupe de travail 3 a publi\u00e9 le volet \u201cAtt\u00e9nuation des changements climatiques\u201d ; on peut en retenir que techniquement il y a un tr\u00e8s grand nombre de d\u00e9cisions qui peuvent \u00eatre prises pour r\u00e9duire les cons\u00e9quences n\u00e9gatives de l\u2019activit\u00e9 humaine sur notre plan\u00e8te. Ce rapport pointe notamment qu\u2019il est crucial que le pic des \u00e9missions de CO2 soit atteint en 2025 : il nous reste moins de 3 ans pour agir\u2026 La complexit\u00e9 de ce d\u00e9fi est aussi grande que la n\u00e9cessit\u00e9 que tous les acteurs de la soci\u00e9t\u00e9, aussi bien les d\u00e9cideurs politiques, les entreprises et les citoyens, se mobilisent sans rel\u00e2che.<\/p>\n\n\n\n<p>Malheureusement, la puissance du d\u00e9ni collectif est telle que nous pouvons d\u00e9j\u00e0 \u00eatre convaincus que les actions qui seront r\u00e9alis\u00e9es durant les prochains mois seront tr\u00e8s loin de ce qui est recommand\u00e9 par le GIEC. Les m\u00e9dias parlent d\u2019urgence climatique depuis au moins 3 ans. Cependant, nous ne percevons pas dans l\u2019\u00e9volution de la soci\u00e9t\u00e9 un tel sentiment d\u2019urgence dans les actes !&nbsp; Un des indicateurs repr\u00e9sentatifs de ce d\u00e9ni collectif face \u00e0 l\u2019urgence climatique est le niveau de communication des partis politiques suite \u00e0 ce troisi\u00e8me volet du rapport du GIEC : le mot d\u2019ordre g\u00e9n\u00e9ral de ceux qui p\u00e8sent sur les d\u00e9cisions politiques est le silence assourdissant, le n\u00e9ant. Ce silence est notamment une cons\u00e9quence de la d\u00e9cr\u00e9dibilisation des id\u00e9es et des personnes qui militent pour une acc\u00e9l\u00e9ration de la transition vers une soci\u00e9t\u00e9 durable.<\/p>\n\n\n\n<p>Pour justifier de freiner la transition, voire maintenir le statu quo, autant que possible, les d\u00e9cideurs politiques et les entreprises ont un alibi : les gens. La vision individualiste de nos soci\u00e9t\u00e9s pousse \u00e0 faire croire que le probl\u00e8me serait une question de choix individuels.&nbsp; Or, la solution \u00e0 un probl\u00e8me collectif ne peut venir que des autorit\u00e9s publiques, et \u00e0 tous les niveaux de pouvoir. Les personnes pr\u00e9caris\u00e9es sont celles qui subiront le plus le co\u00fbt \u00e9conomique d\u2019une soci\u00e9t\u00e9 durable et ce sont \u00e9galement elles qui seront les plus sujettes aux cons\u00e9quences du d\u00e9r\u00e8glement climatique. Il est inacceptable que les personnes qui ont les capitaux financier et culturel les plus bas soient les victimes de l\u2019irresponsabilit\u00e9 climatique des plus nantis.<br><br>Pour \u00eatre \u00e0 la hauteur du d\u00e9fi climatique, les d\u00e9cideurs politiques risqueraient certainement de se sacrifier sur le plan \u00e9lectoral. \u00c9tant donn\u00e9 l\u2019inertie collective qui pousse la majorit\u00e9 des citoyens \u00e0 vouloir conserver autant que possible leur confort, il leur suffit de montrer qu\u2019on agit (un peu), de semer le doute sur les solutions pour la transition (\u00e9nergies intermittentes, \u2026), de conjecturer que la solution viendra d\u2019innovations technologiques (ignorant ainsi l\u2019effet rebond), d\u2019agiter la menace d\u2019une \u00e9ventuelle d\u00e9croissance et de ses effets li\u00e9s pour tuer tout d\u00e9bat sur la sobri\u00e9t\u00e9, \u2026<\/p>\n\n\n\n<p>Certains partis se r\u00e9f\u00e8rent aux rapports du GIEC uniquement pour s\u2019opposer \u00e0 la sortie du nucl\u00e9aire ; la prolongation de deux ou sept r\u00e9acteurs ne constitue pas un programme face \u00e0 l\u2019urgence climatique. Pourtant, ce m\u00eame rapport d\u00e9finit la notion de sobri\u00e9t\u00e9 comme \u201ctoutes les mesures qui permettent d\u2019\u00e9liminer l\u2019utilisation d\u2019\u00e9nergie, de mat\u00e9riaux, de terres et d\u2019eau tout en garantissant le bien-\u00eatre de tous dans le cadre des limites plan\u00e9taires\u201d.<\/p>\n\n\n\n<p>La neutralit\u00e9 carbone en 2035, voire 2050, ce n\u2019est pas suffisant pour atteindre le pic des \u00e9missions en 2025 ; 3 ans, c\u2019est trop court pour esp\u00e9rer raisonnablement que les innovations technologiques soient d\u00e9ploy\u00e9es massivement pour avoir un r\u00e9el impact au niveau mondial. Qu\u2019il s\u2019agisse de greenwashing ou non, les d\u00e9cideurs politiques et certaines entreprises envoient le message qu\u2019ils agissent ; le probl\u00e8me n\u2019est plus l\u2019inaction mais l\u2019insuffisance de leurs actions qui passent sous silence les conclusions du GIEC.<\/p>\n\n\n\n<p>La d\u00e9mocratie est cens\u00e9e permettre de viser le bien commun ; le d\u00e9fi num\u00e9ro 1 des prochaines ann\u00e9es n\u00e9cessite qu\u2019un discours de v\u00e9rit\u00e9 prenne le dessus sur les calculs \u00e9lectoralistes. Agissez maintenant !&nbsp; L\u2019inertie soci\u00e9tale n\u2019est pas une excuse pour justifier la lenteur et l\u2019insuffisance de l\u2019action climatique ; c\u2019est une raison qui doit pousser \u00e0 renforcer la communication et l\u2019action \u00e0 court terme avec un front uni gr\u00e2ce \u00e0 un d\u00e9bat apais\u00e9 et respectueux. Alors, positionnez-vous&nbsp;!&nbsp; Consid\u00e9rez-vous que l\u2019action face au d\u00e9r\u00e8glement climatique soit suffisante ?&nbsp; Si vous remettez en doute les conclusions du GIEC, alors assumez-le publiquement ; sinon, partagez-les sans rel\u00e2che ! Aucun groupe politique n\u2019a le monopole de l\u2019urgence climatique\u2026 C\u2019est l\u2019affaire de toute la soci\u00e9t\u00e9 mais les citoyens ne peuvent plus servir d\u2019alibi \u00e0 votre irresponsabilit\u00e9. Just look up.<br><br>Des citoyens qui regardent vers le haut<\/p>\n\n\n\n<p>===================<\/p>\n\n\n\n<p class=\"has-dark-gray-color has-blue-background-color has-text-color has-background\"><a rel=\"noreferrer noopener\" href=\"https:\/\/pakman.ovh\/index.php\/climat-carte-blanche-juillet-2022-signataires\/\" data-type=\"page\" data-id=\"165\" target=\"_blank\"><strong>Retrouvez la liste des signataires en cliquant ici<\/strong><\/a><\/p>\n\n\n\n<figure class=\"wp-block-embed is-type-video is-provider-youtube wp-block-embed-youtube wp-embed-aspect-16-9 wp-has-aspect-ratio\"><div class=\"wp-block-embed__wrapper\">\n<iframe loading=\"lazy\" title=\"Mais o\u00f9 est donc pass\u00e9 le 6\u00e8me rapport du GIEC?\" width=\"580\" height=\"326\" src=\"https:\/\/www.youtube.com\/embed\/QQ4jVLhz0fQ?feature=oembed\" frameborder=\"0\" allow=\"accelerometer; autoplay; clipboard-write; encrypted-media; gyroscope; picture-in-picture; web-share\" referrerpolicy=\"strict-origin-when-cross-origin\" allowfullscreen><\/iframe>\n<\/div><figcaption class=\"wp-element-caption\">Intervention dans l&rsquo;\u00e9mission D\u00e9clic sur La Premi\u00e8re \u00e0 la RTBF<\/figcaption><\/figure>\n\n\n\n<p>Lien vers <a rel=\"noreferrer noopener\" href=\"https:\/\/www.facebook.com\/profile.php?id=100085141586310\" target=\"_blank\">la page Facebook du collectif Pakman cr\u00e9\u00e9 suite \u00e0 la carte blanche &#8211; cliquez ici:<\/a><\/p>\n\n\n<div class=\"wp-block-image\">\n<figure class=\"aligncenter size-full is-resized\"><a href=\"https:\/\/pakman.ovh\/index.php\/contact\/\"><img loading=\"lazy\" decoding=\"async\" src=\"https:\/\/seempleetoo.be\/bottomup\/wp-content\/uploads\/2022\/08\/received_439841771213434.webp\" alt=\"\" class=\"wp-image-206\" width=\"208\" height=\"428\"\/><\/a><\/figure>\n<\/div>\n\n\n<p class=\"has-gray-color has-white-background-color has-text-color has-background has-large-font-size\">Pour soutenir et signer la carte blanche apr\u00e8s l&rsquo;avoir lue, suivez ce lien : <a href=\"https:\/\/tinyurl.com\/jesigneici\" target=\"_blank\" rel=\"noreferrer noopener\">https:\/\/tinyurl.com\/jesigneici<\/a><\/p>\n\n\n\n<h3 class=\"wp-block-heading\">Texte d&rsquo;origine pour archive (avant prise en compte des contraintes de publication, dont le nombre maximum de caract\u00e8res en particulier) :  <a href=\"https:\/\/pakman.ovh\/index.php\/archive-202207-cb-climat-lalibi-de-lirresponsabilite-climatique\/\" data-type=\"page\" data-id=\"167\">cliquez ici<\/a><\/h3>\n","protected":false},"excerpt":{"rendered":"<p>Parution dans La Libre Belgique le 02\/08\/2022 D\u00e9ni et irresponsabilit\u00e9 climatique retrouvez la liste des signataires en cliquant ici et le lien vers la page Facebook du collectif Pakman cr\u00e9\u00e9 suite \u00e0 la carte blanche FR \/ NL &#8211; versie in het Nederlands \/ EN &#8211; translation in English Pour soutenir et signer la carte [&hellip;]<\/p>\n","protected":false},"author":1,"featured_media":0,"comment_status":"closed","ping_status":"open","sticky":false,"template":"","format":"standard","meta":{"footnotes":""},"categories":[6],"tags":[],"class_list":["post-138","post","type-post","status-publish","format-standard","hentry","category-carte"],"_links":{"self":[{"href":"https:\/\/pakman.ovh\/index.php\/wp-json\/wp\/v2\/posts\/138","targetHints":{"allow":["GET"]}}],"collection":[{"href":"https:\/\/pakman.ovh\/index.php\/wp-json\/wp\/v2\/posts"}],"about":[{"href":"https:\/\/pakman.ovh\/index.php\/wp-json\/wp\/v2\/types\/post"}],"author":[{"embeddable":true,"href":"https:\/\/pakman.ovh\/index.php\/wp-json\/wp\/v2\/users\/1"}],"replies":[{"embeddable":true,"href":"https:\/\/pakman.ovh\/index.php\/wp-json\/wp\/v2\/comments?post=138"}],"version-history":[{"count":8,"href":"https:\/\/pakman.ovh\/index.php\/wp-json\/wp\/v2\/posts\/138\/revisions"}],"predecessor-version":[{"id":645,"href":"https:\/\/pakman.ovh\/index.php\/wp-json\/wp\/v2\/posts\/138\/revisions\/645"}],"wp:attachment":[{"href":"https:\/\/pakman.ovh\/index.php\/wp-json\/wp\/v2\/media?parent=138"}],"wp:term":[{"taxonomy":"category","embeddable":true,"href":"https:\/\/pakman.ovh\/index.php\/wp-json\/wp\/v2\/categories?post=138"},{"taxonomy":"post_tag","embeddable":true,"href":"https:\/\/pakman.ovh\/index.php\/wp-json\/wp\/v2\/tags?post=138"}],"curies":[{"name":"wp","href":"https:\/\/api.w.org\/{rel}","templated":true}]}}